{"id":1542,"date":"2022-03-13T09:48:10","date_gmt":"2022-03-13T12:48:10","guid":{"rendered":"https:\/\/elemarjr.com\/arquiteturacorporativa\/?p=1542"},"modified":"2025-04-30T15:47:57","modified_gmt":"2025-04-30T18:47:57","slug":"modelando-servicos-de-negocio-aplicacao-e-infraestrutura-tecnologica-capitulo-6-v-1-0","status":"publish","type":"post","link":"https:\/\/elemarjr.com\/livros\/arquiteturacorporativa\/modelando-servicos-de-negocio-aplicacao-e-infraestrutura-tecnologica-capitulo-6-v-1-0\/","title":{"rendered":"Modelando &#8220;servi\u00e7os&#8221; de neg\u00f3cio, aplica\u00e7\u00e3o e infraestrutura tecnol\u00f3gica \/ Cap\u00edtulo 6 v 1.0"},"content":{"rendered":"<p><strong>Sob a perspectiva da arquitetura corporativa, o conceito de &#8220;servi\u00e7o&#8221; tem um significado amplo, explicado em tr\u00eas camadas.<\/strong> <strong>Primeiro, h\u00e1 o entendimento de &#8220;servi\u00e7o&#8221; sob a perspectiva de neg\u00f3cio<\/strong> &#8211; ou seja, um &#8220;comportamento&#8221; exposto por um ator (pessoa, departamento, divis\u00e3o neg\u00f3cios) para seu contexto de atua\u00e7\u00e3o. <strong>Segundo, h\u00e1 o entendimento de &#8220;servi\u00e7o&#8221; sob a perspectiva de aplica\u00e7\u00f5es<\/strong> &#8211; ou seja, software que d\u00e1 suporte a execu\u00e7\u00e3o das atividades previstas para o &#8220;servi\u00e7o de neg\u00f3cio&#8221;. <strong>Finalmente, h\u00e1 o entendimento de &#8220;servi\u00e7o&#8221; sob a perspectiva de tecnologia<\/strong> &#8211; ou seja, o aparato tecnol\u00f3gico necess\u00e1rio para suportar os &#8220;servi\u00e7os de aplica\u00e7\u00e3o&#8221; que, por sua vez, suportam os &#8220;servi\u00e7os de neg\u00f3cio&#8221;.<\/p>\nO esfor\u00e7o para a modelagem dos servi\u00e7os aproxima\u00a0 a arquitetura corporativa do <em>design <\/em>do neg\u00f3cio e serve de &#8220;ponto de partida&#8221; para as pr\u00e1ticas de outras arquiteturas como, por exemplo, solu\u00e7\u00e3o, <em>software<\/em> e infraestrutura.\u00a0\n<h2>Explicitando o que \u00e9 necess\u00e1rio para um &#8220;servi\u00e7o do neg\u00f3cio&#8221;<\/h2>\n<p><strong>Uma boa forma de &#8220;explicar a individualidade&#8221; de uma organiza\u00e7\u00e3o \u00e9 explicitar os servi\u00e7os que ela presta. <\/strong>Por exemplo, uma loja de eletr\u00f4nicos que, al\u00e9m de vender, realizar reparos e &#8220;tirar d\u00favidas de uso&#8221;, seguramente ser\u00e1 diferente de outra que &#8220;apenas vende&#8221;.<\/p>\nOs &#8220;servi\u00e7os&#8221; de um neg\u00f3cio constituem seu fundamento, s\u00e3o os meios principais para o atendimento do prop\u00f3sito. <strong>Os servi\u00e7os representam o que \u00e9 vis\u00edvel em um neg\u00f3cio &#8211; a ess\u00eancia da organiza\u00e7\u00e3o operacional &#8211; que gera e coleta resultados.<\/strong>\n<div class=\"nota-livro\">\r\n<table class=\"tabelalivro\" style=\"width: 100%;\">\r\n<tbody>\r\n<tr>\r\n<td class=\"nota-livro-coluna-1\" valign=\"top\"><img decoding=\"async\" src=\"https:\/\/do-tech-ao-biz.online\/wp-content\/uploads\/2021\/12\/livro-do-tech-ao-biz.png\" alt=\"\" width=\"150\" \/><\/td>\r\n<td class=\"nota-livro-coluna-2\"><img decoding=\"async\" class=\"nota-img\" src=\"https:\/\/do-tech-ao-biz.online\/wp-content\/uploads\/2021\/12\/livro-do-tech-ao-biz.png\" alt=\"\" width=\"150\" \/>\r\n<p style=\"font-size: 24px; font-weight: bold; color: #4c4c4c; line-height: 1.0; font-family: Montserrat; margin-bottom: 10px;\">Do Tech ao Biz<\/p>\r\n<p style=\"font-size: 20px; font-weight: bold; color: #4c4c4c; line-height: 1.1; font-family: Montserrat; margin-bottom: 10px;\">Diferenciando Estrat\u00e9gia, T\u00e1tica e Opera\u00e7\u00e3o<\/p>\r\nS\u00e3o nos resultados da opera\u00e7\u00e3o, ao longo do tempo, que ficam demonstrados os impactos das melhorias implantadas nas iniciativas estrat\u00e9gicas &#8211; com a ajuda das pr\u00e1ticas de arquitetura corporativa.<\/p>\n<hr \/>\n<p>Nesse cap\u00edtulo s\u00e3o explicados os conceitos de estrat\u00e9gia, t\u00e1tica e opera\u00e7\u00e3o.<\/p>\n<p>\r\n<p><a class=\"botao-livro\" href=\"https:\/\/do-tech-ao-biz.online\/capitulos\/capitulo4\/\" target=\"_blank\" rel=\"noopener\">Ler cap\u00edtulo<\/a><\/p>\r\n<\/td>\r\n<\/tr>\r\n<\/tbody>\r\n<\/table>\r\n<\/div>\n<p><strong>Os servi\u00e7os de uma organiza\u00e7\u00e3o n\u00e3o se realizam sozinhos &#8211; eles s\u00e3o a express\u00e3o das\u00a0<em>capabilities\u00a0<\/em>desenvolvidas na empresa &#8211; tangibilizadas em pap\u00e9is (com responsabilidades espec\u00edficas), processos e artefatos.<\/strong><\/p>\n<p>O diagrama indicado abaixo aponta algumas &#8220;quest\u00f5es a responder&#8221; quando se est\u00e1 &#8220;modelando&#8221; um servi\u00e7o de neg\u00f3cios.<\/p>\n<p><img fetchpriority=\"high\" decoding=\"async\" class=\"wp-image-1543 aligncenter\" src=\"https:\/\/elemarjr.com\/arquiteturacorporativa\/wp-content\/uploads\/2022\/03\/general_reference.png\" alt=\"\" width=\"476\" height=\"160\" srcset=\"https:\/\/elemarjr.com\/livros\/arquiteturacorporativa\/wp-content\/uploads\/2022\/03\/general_reference.png 1020w, https:\/\/elemarjr.com\/livros\/arquiteturacorporativa\/wp-content\/uploads\/2022\/03\/general_reference-300x101.png 300w, https:\/\/elemarjr.com\/livros\/arquiteturacorporativa\/wp-content\/uploads\/2022\/03\/general_reference-768x258.png 768w\" sizes=\"(max-width: 476px) 100vw, 476px\" \/><\/p>\n<p><strong>Que servi\u00e7o est\u00e1 sendo modelado? Como ser\u00e1 demandado ou acompanhado? Que atividades ser\u00e3o necess\u00e1rias para a presta\u00e7\u00e3o do servi\u00e7o? Quem far\u00e1 o trabalho? \u00a0Que artefatos ser\u00e3o gerados?\u00a0<\/strong><\/p>\n<p><img decoding=\"async\" class=\"wp-image-1547 aligncenter\" src=\"https:\/\/elemarjr.com\/arquiteturacorporativa\/wp-content\/uploads\/2022\/03\/tech_support_.png\" alt=\"\" width=\"476\" height=\"158\" srcset=\"https:\/\/elemarjr.com\/livros\/arquiteturacorporativa\/wp-content\/uploads\/2022\/03\/tech_support_.png 1020w, https:\/\/elemarjr.com\/livros\/arquiteturacorporativa\/wp-content\/uploads\/2022\/03\/tech_support_-300x99.png 300w, https:\/\/elemarjr.com\/livros\/arquiteturacorporativa\/wp-content\/uploads\/2022\/03\/tech_support_-768x254.png 768w\" sizes=\"(max-width: 476px) 100vw, 476px\" \/><\/p>\n<p>Na vis\u00e3o do modelo, indicada no diagrama acima, por exemplo, temos a modelagem de um servi\u00e7o hipot\u00e9tico de &#8220;suporte t\u00e9cnico a clientes&#8221; que responde as quest\u00f5es propostas. Est\u00e1 &#8220;respondido&#8221; que o meio de contato com o suporte \u00e9 e-mail, que as atividades tem rela\u00e7\u00e3o com &#8220;Suporte de N\u00edvel 1&#8221; e s\u00e3o executadas por um atendente de suporte. Al\u00e9m disso, que registros de atendimento s\u00e3o gerados.<\/p>\n<h2>Relacionando &#8220;servi\u00e7os do neg\u00f3cio&#8221; com software<\/h2>\n<strong>Todas as atividades relevantes, em empresas de qualquer setor, s\u00e3o suportadas direta ou indiretamente por software.\u00a0<\/strong>Por isso, \u00e9 importante explicitar as rela\u00e7\u00f5es entre servi\u00e7os de neg\u00f3cio e as aplica\u00e7\u00f5es que a organiza\u00e7\u00e3o utiliza.\n<hr \/>\n<p><img decoding=\"async\" class=\"wp-image-1545 aligncenter\" src=\"https:\/\/elemarjr.com\/arquiteturacorporativa\/wp-content\/uploads\/2022\/03\/general_reference_application.png\" alt=\"\" width=\"476\" height=\"370\" srcset=\"https:\/\/elemarjr.com\/livros\/arquiteturacorporativa\/wp-content\/uploads\/2022\/03\/general_reference_application.png 1020w, https:\/\/elemarjr.com\/livros\/arquiteturacorporativa\/wp-content\/uploads\/2022\/03\/general_reference_application-300x233.png 300w, https:\/\/elemarjr.com\/livros\/arquiteturacorporativa\/wp-content\/uploads\/2022\/03\/general_reference_application-768x596.png 768w\" sizes=\"(max-width: 476px) 100vw, 476px\" \/><\/p>\n<p>Na abstra\u00e7\u00e3o, indicada no diagrama acima, sugere-se que as perguntas que &#8220;come\u00e7am&#8221; o pensamento para arquitetura de um software t\u00eam rela\u00e7\u00e3o \u00edntima com a modelagem de um servi\u00e7o de neg\u00f3cio.<\/p>\n<p><strong>Como\u00a0<em>features de\u00a0<\/em><em>software<\/em> poderiam colaborar com o trabalho? Como elas deveriam ser acessadas? Em qual software da organiza\u00e7\u00e3o essas\u00a0<em>features\u00a0<\/em>deveriam ser implementadas? Quais s\u00e3o as principais demandas funcionais dessas\u00a0<em>features<\/em>? Quais ser\u00e3o os &#8220;dados persistentes&#8221; ser\u00e3o produzidos?<\/strong><\/p>\n<p><img loading=\"lazy\" decoding=\"async\" class=\"wp-image-1548 aligncenter\" src=\"https:\/\/elemarjr.com\/arquiteturacorporativa\/wp-content\/uploads\/2022\/03\/customer_supporting_technical_.png\" alt=\"\" width=\"784\" height=\"475\" srcset=\"https:\/\/elemarjr.com\/livros\/arquiteturacorporativa\/wp-content\/uploads\/2022\/03\/customer_supporting_technical_.png 1664w, https:\/\/elemarjr.com\/livros\/arquiteturacorporativa\/wp-content\/uploads\/2022\/03\/customer_supporting_technical_-300x182.png 300w, https:\/\/elemarjr.com\/livros\/arquiteturacorporativa\/wp-content\/uploads\/2022\/03\/customer_supporting_technical_-1024x620.png 1024w, https:\/\/elemarjr.com\/livros\/arquiteturacorporativa\/wp-content\/uploads\/2022\/03\/customer_supporting_technical_-768x465.png 768w, https:\/\/elemarjr.com\/livros\/arquiteturacorporativa\/wp-content\/uploads\/2022\/03\/customer_supporting_technical_-1536x930.png 1536w\" sizes=\"(max-width: 784px) 100vw, 784px\" \/><\/p>\n<p>A vis\u00e3o do modelo, indicada no diagrama acima &#8220;conecta&#8221; o servi\u00e7o de aplica\u00e7\u00e3o\u00a0&#8220;<em>Customer Supporting<\/em>&#8221; as atividades necess\u00e1rias para o cumprimento do servi\u00e7o de neg\u00f3cio &#8220;<em>Customer Technical Support<\/em>&#8220;.<\/p>\n<p>No diagrama, sugere-se que\u00a0as atividades de &#8220;suporte n\u00edvel 1&#8221; devam ser suportadas por um <em>software<\/em> CRM, acess\u00edvel atrav\u00e9s de um &#8220;cliente web&#8221;, que oferece <em>tracking\u00a0<\/em>de intera\u00e7\u00f5es\u00a0e um\u00a0<em>KB<\/em>. Tamb\u00e9m fica indicado que os &#8220;registros de atendimento&#8221; s\u00e3o &#8220;materializados&#8221; com cadastros de clientes e registros de intera\u00e7\u00f5es.<\/p>\n<div class=\"card-insight\" style=\"background-color: #f0f0f0; width: 100%; padding: 35px 50px 40px 45px; border-radius: 5px 5px 5px 5px; margin-top: 30px; margin-bottom: 35px; font-size: 18px; box-shadow: 0px 4px 0px 0px #dddddd;\">\r\n<p style=\"font-size: 28px; font-weight:bold;\">Arquitetura de solu\u00e7\u00f5es<\/p>\r\n<\/p>\n<p><strong>Uma vez que a arquitetura corporativa expressa a rela\u00e7\u00e3o de alto n\u00edvel de componentes necess\u00e1rios para atender o neg\u00f3cio, cabe a arquitetura de solu\u00e7\u00f5es identificar a melhor forma de &#8220;implementar&#8221; tais componentes.<\/strong> Eventualmente, isso implica na contrata\u00e7\u00e3o de recursos prontos (no exemplo, a aquisi\u00e7\u00e3o de uma solu\u00e7\u00e3o de CRM), ou ainda, na especifica\u00e7\u00e3o de demandas para o desenvolvimento de <em>software\u00a0<\/em>novo, demandando atividades de arquitetura de software.<\/p>\n<p><\/div>\n<div class=\"nota-livro\">\r\n<table class=\"tabelalivro\" style=\"width: 100%;\">\r\n<tbody>\r\n<tr>\r\n<td class=\"nota-livro-coluna-1\" valign=\"top\"><img decoding=\"async\" src=\"https:\/\/arquiteturadesoftware.online\/wp-content\/uploads\/2021\/09\/livro-arquiteo-de-software-2.png\" alt=\"\" width=\"150\" \/><\/td>\r\n<td class=\"nota-livro-coluna-2\"><img decoding=\"async\" class=\"nota-img\" src=\"https:\/\/arquiteturadesoftware.online\/wp-content\/uploads\/2021\/09\/livro-arquiteo-de-software-2.png\" alt=\"\" width=\"150\" \/>\r\n<p style=\"font-size: 24px; font-weight: bold; color: #4c4c4c; line-height: 1.0; font-family: Montserrat; margin-bottom: 10px;\">Definindo arquitetura de software e o papel do arquiteto<\/p>\r\n<p style=\"font-size: 20px; font-weight: bold; color: #4c4c4c; line-height: 1.1; font-family: Montserrat; margin-bottom: 10px;\">Manual do arquiteto de software<\/p>\r\nAs atividades relacionadas a arquitetura de <em>software\u00a0<\/em>nem sempre s\u00e3o entendidas, assim como o papel do arquiteto de software. Entretanto, s\u00e3o essenciais para garantir a competitividade em organiza\u00e7\u00f5es digitais. O arquiteto de software parte das defini\u00e7\u00f5es explicitadas na arquitetura corporativa para &#8220;orquestrar&#8221; o desenvolvimento de software.<\/p>\n<hr \/>\n<p>Nesse cap\u00edtulo, explico o que \u00e9 arquitetura de software, bem como o papel do arquiteto.<\/p>\n<p>\r\n<p><a class=\"botao-livro\" href=\"https:\/\/arquiteturadesoftware.online\/capitulos\/capitulo-00\/\" target=\"_blank\" rel=\"noopener\">Ler cap\u00edtulo<\/a><\/p>\r\n<\/td>\r\n<\/tr>\r\n<\/tbody>\r\n<\/table>\r\n<\/div>\n<h2>Relacionando &#8220;servi\u00e7os do neg\u00f3cio&#8221; e software com a infraestrutura tecnol\u00f3gica<\/h2>\n<p><strong>Para atender as demandas do neg\u00f3cio, software demanda infraestrutura tecnol\u00f3gica.<\/strong><\/p>\n<p><img loading=\"lazy\" decoding=\"async\" class=\"wp-image-1546 aligncenter\" src=\"https:\/\/elemarjr.com\/arquiteturacorporativa\/wp-content\/uploads\/2022\/03\/gerenal_reference_infra.png\" alt=\"\" width=\"476\" height=\"582\" srcset=\"https:\/\/elemarjr.com\/livros\/arquiteturacorporativa\/wp-content\/uploads\/2022\/03\/gerenal_reference_infra.png 1020w, https:\/\/elemarjr.com\/livros\/arquiteturacorporativa\/wp-content\/uploads\/2022\/03\/gerenal_reference_infra-245x300.png 245w, https:\/\/elemarjr.com\/livros\/arquiteturacorporativa\/wp-content\/uploads\/2022\/03\/gerenal_reference_infra-837x1024.png 837w, https:\/\/elemarjr.com\/livros\/arquiteturacorporativa\/wp-content\/uploads\/2022\/03\/gerenal_reference_infra-768x940.png 768w\" sizes=\"(max-width: 476px) 100vw, 476px\" \/><\/p>\n<p>A abstra\u00e7\u00e3o proposta acima sugere questionamentos importantes para determinar a infraestrutura tecnol\u00f3gica adequada, para suportar aplica\u00e7\u00f5es que, por fim, viabilizam a execu\u00e7\u00e3o de servi\u00e7os de neg\u00f3cio.<\/p>\n<p><strong>Qual \u00e9 a contribui\u00e7\u00e3o esperada da infraestrutura tecnol\u00f3gica para o neg\u00f3cio? Que recursos devem ser disponibilizados e como eles ir\u00e3o ser acessados? Que capacidades tecnol\u00f3gicas precisam ser provisionadas?<\/strong><\/p>\n<p><img loading=\"lazy\" decoding=\"async\" class=\"wp-image-1578 aligncenter\" src=\"https:\/\/elemarjr.com\/arquiteturacorporativa\/wp-content\/uploads\/2022\/03\/customer_tech_support_infra.png\" alt=\"\" width=\"603\" height=\"627\" srcset=\"https:\/\/elemarjr.com\/livros\/arquiteturacorporativa\/wp-content\/uploads\/2022\/03\/customer_tech_support_infra.png 1404w, https:\/\/elemarjr.com\/livros\/arquiteturacorporativa\/wp-content\/uploads\/2022\/03\/customer_tech_support_infra-289x300.png 289w, https:\/\/elemarjr.com\/livros\/arquiteturacorporativa\/wp-content\/uploads\/2022\/03\/customer_tech_support_infra-986x1024.png 986w, https:\/\/elemarjr.com\/livros\/arquiteturacorporativa\/wp-content\/uploads\/2022\/03\/customer_tech_support_infra-768x798.png 768w\" sizes=\"(max-width: 603px) 100vw, 603px\" \/><\/p>\n<p>Na vis\u00e3o do modelo, indicada no diagrama acima, entendemos que a infraestrutura tecnol\u00f3gica suporta a ferramenta de CRM, fornecendo mecanismos para armazenamento din\u00e2mico e est\u00e1tico. Uma base de dados\u00a0<em>Oracle<\/em> precisar\u00e1 ser mantida, bem como suporte a execu\u00e7\u00e3o de aplica\u00e7\u00f5es .NET e um sistema de arquivos &#8211; tudo em servidores\u00a0<em>on-premises.<\/em><\/p>\n<h2>Para pensar&#8230;<\/h2>\n<p>As vis\u00f5es de modelo, expressas nos diagramas desse cap\u00edtulo, mostram a abrang\u00eancia da arquitetura corporativa na modelagem de servi\u00e7os. H\u00e1, pelo menos quatro especialidades envolvidas: neg\u00f3cios, solu\u00e7\u00f5es, software e infraestrutura tecnol\u00f3gica. Cada uma delas com complexidades inerentes e especificidades. Ou seja, o &#8220;projeto de servi\u00e7os&#8221; \u00e9 naturalmente complexo. Enquanto isso, <strong>a competitividade, em empresas modernas, depende da excel\u00eancia dos servi\u00e7os na opera\u00e7\u00e3o de neg\u00f3cios &#8211; que \u00e9 corro\u00edda pela complexidade.\u00a0<\/strong><\/p>\n<p><strong>\u00c9 f\u00e1cil reconhecer que uma das maiores contribui\u00e7\u00f5es da arquitetura corporativa est\u00e1 na orquestra\u00e7\u00e3o das atividades de especialistas, mitigando complexidades predat\u00f3rias.<\/strong> Sem a devida orquestra\u00e7\u00e3o, \u00e9 f\u00e1cil que sejam desenvolvidos &#8220;servi\u00e7os de aplica\u00e7\u00e3o&#8221; sobre ou subdimensionados\u00a0 para suportar os &#8220;servi\u00e7os de neg\u00f3cio&#8221;. Da mesma forma, \u00e9 f\u00e1cil que a infraestrutra tecnol\u00f3gica fique desajustada, cara demais ou insuficiente, frente aos benef\u00edcios proporcionados.<\/p>\n<p>Os relacionamentos explicitados nas vis\u00f5es de modelo fornecem, al\u00e9m de clarifica\u00e7\u00e3o, capacidade de rastreamento das justificativas decis\u00f5es &#8211; colaborando para o ganho de assertividade.<\/p>\n<h2>\/\/ TODO<\/h2>\n<p>Antes de avan\u00e7ar para o pr\u00f3ximo cap\u00edtulo, recomendo as seguintes reflex\u00f5es:<\/p>\n<ol>\n<li>Como s\u00e3o &#8220;orquestradas&#8221; as atividades de\u00a0<em>design\u00a0<\/em>de neg\u00f3cio, arquitetura de solu\u00e7\u00f5es, arquitetura de software e infraestrutura tecnol\u00f3gica em sua organiza\u00e7\u00e3o hoje?<\/li>\n<li>Como as decis\u00f5es t\u00e9cnicas, tanto em software quanto em infraestrutura tecnol\u00f3gica, s\u00e3o &#8220;justificadas&#8221; na sua organiza\u00e7\u00e3o?<\/li>\n<\/ol>\n","protected":false},"excerpt":{"rendered":"<p>Sob a perspectiva da arquitetura corporativa, o conceito de &#8220;servi\u00e7o&#8221; tem um significado amplo, explicado em tr\u00eas camadas. Primeiro, h\u00e1 o entendimento de &#8220;servi\u00e7o&#8221; sob a perspectiva de neg\u00f3cio &#8211; ou seja, um &#8220;comportamento&#8221; exposto por um ator (pessoa, departamento, divis\u00e3o neg\u00f3cios) para seu contexto de atua\u00e7\u00e3o. Segundo, h\u00e1 o entendimento de &#8220;servi\u00e7o&#8221; sob a [&hellip;]<\/p>\n","protected":false},"author":2,"featured_media":1585,"comment_status":"open","ping_status":"closed","sticky":false,"template":"","format":"standard","meta":{"footnotes":""},"categories":[],"tags":[],"hashtags":[],"url":[41],"capitulos":[36],"class_list":["post-1542","post","type-post","status-publish","format-standard","has-post-thumbnail","hentry","url-permanente","capitulos-capitulo-06"],"_links":{"self":[{"href":"https:\/\/elemarjr.com\/livros\/arquiteturacorporativa\/wp-json\/wp\/v2\/posts\/1542","targetHints":{"allow":["GET"]}}],"collection":[{"href":"https:\/\/elemarjr.com\/livros\/arquiteturacorporativa\/wp-json\/wp\/v2\/posts"}],"about":[{"href":"https:\/\/elemarjr.com\/livros\/arquiteturacorporativa\/wp-json\/wp\/v2\/types\/post"}],"author":[{"embeddable":true,"href":"https:\/\/elemarjr.com\/livros\/arquiteturacorporativa\/wp-json\/wp\/v2\/users\/2"}],"replies":[{"embeddable":true,"href":"https:\/\/elemarjr.com\/livros\/arquiteturacorporativa\/wp-json\/wp\/v2\/comments?post=1542"}],"version-history":[{"count":0,"href":"https:\/\/elemarjr.com\/livros\/arquiteturacorporativa\/wp-json\/wp\/v2\/posts\/1542\/revisions"}],"wp:featuredmedia":[{"embeddable":true,"href":"https:\/\/elemarjr.com\/livros\/arquiteturacorporativa\/wp-json\/wp\/v2\/media\/1585"}],"wp:attachment":[{"href":"https:\/\/elemarjr.com\/livros\/arquiteturacorporativa\/wp-json\/wp\/v2\/media?parent=1542"}],"wp:term":[{"taxonomy":"category","embeddable":true,"href":"https:\/\/elemarjr.com\/livros\/arquiteturacorporativa\/wp-json\/wp\/v2\/categories?post=1542"},{"taxonomy":"post_tag","embeddable":true,"href":"https:\/\/elemarjr.com\/livros\/arquiteturacorporativa\/wp-json\/wp\/v2\/tags?post=1542"},{"taxonomy":"hashtags","embeddable":true,"href":"https:\/\/elemarjr.com\/livros\/arquiteturacorporativa\/wp-json\/wp\/v2\/hashtags?post=1542"},{"taxonomy":"url","embeddable":true,"href":"https:\/\/elemarjr.com\/livros\/arquiteturacorporativa\/wp-json\/wp\/v2\/url?post=1542"},{"taxonomy":"capitulos","embeddable":true,"href":"https:\/\/elemarjr.com\/livros\/arquiteturacorporativa\/wp-json\/wp\/v2\/capitulos?post=1542"}],"curies":[{"name":"wp","href":"https:\/\/api.w.org\/{rel}","templated":true}]}}